{"id":5066,"date":"2021-03-26T09:31:10","date_gmt":"2021-03-26T09:31:10","guid":{"rendered":"https:\/\/www.fiac.cat\/sin-categorizar\/somos-esenciales-y-queremos-recibir-a-nuestros-alumnos-presencialmente\/"},"modified":"2021-03-26T09:31:20","modified_gmt":"2021-03-26T09:31:20","slug":"somos-esenciales-y-queremos-recibir-a-nuestros-alumnos-presencialmente","status":"publish","type":"post","link":"https:\/\/www.fiac.cat\/es\/noticias-fiac\/somos-esenciales-y-queremos-recibir-a-nuestros-alumnos-presencialmente\/","title":{"rendered":"Somos esenciales y queremos recibir a nuestros alumnos presencialmente"},"content":{"rendered":"[et_pb_section admin_label=\u00bbsection\u00bb]\n\t\t\t[et_pb_row admin_label=\u00bbrow\u00bb]\n\t\t\t\t[et_pb_column type=\u00bb4_4&#8243;][et_pb_text admin_label=\u00bbText\u00bb]\n<p>FIAC forma parte activa de la plataforma Acad\u00e8mies Unides y de la patronal de la formaci\u00f3n privada de Catalu\u00f1a CATFormaci\u00f3, desde donde se est\u00e1 luchando para conseguir que el gobierno permita las clases presenciales, ya que la situaci\u00f3n actual supone un agravio comparativo con respecto a las escuelas oficiales de idiomas. Somos la \u00fanica comunidad aut\u00f3noma del estado en esta situaci\u00f3n.<\/p>\n\n<p>Nuestro deseo es poder reabrir presencialmente y volver a la normalidad tan pronto como sea posible, aplicando, l\u00f3gicamente, todas las medidas de seguridad establecidas en el protocolo COVID-19, con tal de garantizar la m\u00e1xima protecci\u00f3n de la salud a todas las personas que accedan a nuestros centros.<\/p>\n\n<p>Nos sumamos al movimiento impulsado por las academias privadas de Catalu\u00f1a @acadmiesunides con tal de conseguir que nos permitan volver a recibir a nuestros alumnos con todas las medidas de seguridad con las que ya cont\u00e1bamos antes de las restricciones. Porque somos un lugar seguro y #SomosEsenciales. <\/p>\n\n<p><a href=\"https:\/\/www.facebook.com\/FIACIdiomes\/posts\/3818098978229403?__cft__%5b0%5d=AZVYFjM3hMzxYc6v_1cWHG0yG9m_pxvUmQA-mhJpi6cOe3pvTLnRViLsAFunNFAilhM8DOTf-T8Meee13TphRZshS2h7PW09QfztcCpuN4fYHDy3VTFDotO3qYEZb2OsniCvUvsJvvzlYx-a9-L5nOf5YSTdN83kVRZ4mWUC-38HYWoWPFymyHO2EW0c_Cb87Ok&amp;__tn__=%2CO%2CP-R\" rel=\"nofollow noopener\" target=\"_blank\">V\u00eddeo de protesta d\u2019Acad\u00e8mies Unides<\/a><\/p>\n[\/et_pb_text][\/et_pb_column]\n\t\t\t[\/et_pb_row]\n\t\t[\/et_pb_section]","protected":false},"excerpt":{"rendered":"<p>FIAC forma parte activa de la plataforma Acad\u00e8mies Unides y de la patronal de la formaci\u00f3n privada de Catalu\u00f1a CATFormaci\u00f3, desde donde se est\u00e1 luchando para conseguir que el gobierno permita las clases presenciales, ya que la situaci\u00f3n actual supone un agravio comparativo con respecto a las escuelas oficiales de idiomas. Somos la \u00fanica comunidad [&hellip;]<\/p>\n","protected":false},"author":2,"featured_media":4355,"comment_status":"open","ping_status":"open","sticky":false,"template":"","format":"standard","meta":{"_et_pb_use_builder":"on","_et_pb_old_content":"<!-- wp:paragraph {\"translatedWithWPMLTM\":\"1\"} -->\n<p>FIAC forma parte activa de la plataforma Acad\u00e8mies Unides y de la patronal de la formaci\u00f3n privada de Catalu\u00f1a CATFormaci\u00f3, desde donde se est\u00e1 luchando para conseguir que el gobierno permita las clases presenciales, ya que la situaci\u00f3n actual supone un agravio comparativo con respecto a las escuelas oficiales de idiomas. Somos la \u00fanica comunidad aut\u00f3noma del estado en esta situaci\u00f3n.<\/p>\n<!-- \/wp:paragraph --><!-- wp:paragraph {\"translatedWithWPMLTM\":\"1\"} -->\n<p>Nuestro deseo es poder reabrir presencialmente y volver a la normalidad tan pronto como sea posible, aplicando, l\u00f3gicamente, todas las medidas de seguridad establecidas en el protocolo COVID-19, con tal de garantizar la m\u00e1xima protecci\u00f3n de la salud a todas las personas que accedan a nuestros centros.<\/p>\n<!-- \/wp:paragraph --><!-- wp:paragraph {\"translatedWithWPMLTM\":\"1\"} -->\n<p>Nos sumamos al movimiento impulsado por las academias privadas de Catalu\u00f1a @acadmiesunides con tal de conseguir que nos permitan volver a recibir a nuestros alumnos con todas las medidas de seguridad con las que ya cont\u00e1bamos antes de las restricciones. Porque somos un lugar seguro y #SomosEsenciales. <\/p>\n<!-- \/wp:paragraph --><!-- wp:paragraph -->\n<p><a href=\"https:\/\/www.facebook.com\/FIACIdiomes\/posts\/3818098978229403?__cft__%5b0%5d=AZVYFjM3hMzxYc6v_1cWHG0yG9m_pxvUmQA-mhJpi6cOe3pvTLnRViLsAFunNFAilhM8DOTf-T8Meee13TphRZshS2h7PW09QfztcCpuN4fYHDy3VTFDotO3qYEZb2OsniCvUvsJvvzlYx-a9-L5nOf5YSTdN83kVRZ4mWUC-38HYWoWPFymyHO2EW0c_Cb87Ok&amp;__tn__=%2CO%2CP-R\">V\u00eddeo de protesta d\u2019Acad\u00e8mies Unides<\/a><\/p>\n<!-- \/wp:paragraph -->","_et_gb_content_width":"","footnotes":""},"categories":[30],"tags":[],"class_list":["post-5066","post","type-post","status-publish","format-standard","has-post-thumbnail","hentry","category-noticias-fiac"],"_links":{"self":[{"href":"https:\/\/www.fiac.cat\/es\/wp-json\/wp\/v2\/posts\/5066","targetHints":{"allow":["GET"]}}],"collection":[{"href":"https:\/\/www.fiac.cat\/es\/wp-json\/wp\/v2\/posts"}],"about":[{"href":"https:\/\/www.fiac.cat\/es\/wp-json\/wp\/v2\/types\/post"}],"author":[{"embeddable":true,"href":"https:\/\/www.fiac.cat\/es\/wp-json\/wp\/v2\/users\/2"}],"replies":[{"embeddable":true,"href":"https:\/\/www.fiac.cat\/es\/wp-json\/wp\/v2\/comments?post=5066"}],"version-history":[{"count":2,"href":"https:\/\/www.fiac.cat\/es\/wp-json\/wp\/v2\/posts\/5066\/revisions"}],"predecessor-version":[{"id":5068,"href":"https:\/\/www.fiac.cat\/es\/wp-json\/wp\/v2\/posts\/5066\/revisions\/5068"}],"wp:featuredmedia":[{"embeddable":true,"href":"https:\/\/www.fiac.cat\/es\/wp-json\/wp\/v2\/media\/4355"}],"wp:attachment":[{"href":"https:\/\/www.fiac.cat\/es\/wp-json\/wp\/v2\/media?parent=5066"}],"wp:term":[{"taxonomy":"category","embeddable":true,"href":"https:\/\/www.fiac.cat\/es\/wp-json\/wp\/v2\/categories?post=5066"},{"taxonomy":"post_tag","embeddable":true,"href":"https:\/\/www.fiac.cat\/es\/wp-json\/wp\/v2\/tags?post=5066"}],"curies":[{"name":"wp","href":"https:\/\/api.w.org\/{rel}","templated":true}]}}