{"id":5061,"date":"2021-03-26T09:27:40","date_gmt":"2021-03-26T09:27:40","guid":{"rendered":"https:\/\/www.fiac.cat\/sin-categorizar\/nuevas-20-becas-de-un-30-de-descuento\/"},"modified":"2021-03-26T09:29:22","modified_gmt":"2021-03-26T09:29:22","slug":"nuevas-20-becas-de-un-30-de-descuento","status":"publish","type":"post","link":"https:\/\/www.fiac.cat\/es\/noticias-fiac\/nuevas-20-becas-de-un-30-de-descuento\/","title":{"rendered":"Nuevas 20 becas de un 30% de descuento"},"content":{"rendered":"<p>[et_pb_section fb_built=\u00bb1&#8243; admin_label=\u00bbsection\u00bb _builder_version=\u00bb3.22&#8243;][et_pb_row admin_label=\u00bbrow\u00bb _builder_version=\u00bb3.25&#8243; background_size=\u00bbinitial\u00bb background_position=\u00bbtop_left\u00bb background_repeat=\u00bbrepeat\u00bb][et_pb_column type=\u00bb4_4&#8243; _builder_version=\u00bb3.25&#8243; custom_padding=\u00bb|||\u00bb custom_padding__hover=\u00bb|||\u00bb][et_pb_text admin_label=\u00bbText\u00bb _builder_version=\u00bb4.6.5&#8243; background_size=\u00bbinitial\u00bb background_position=\u00bbtop_left\u00bb background_repeat=\u00bbrepeat\u00bb hover_enabled=\u00bb0&#8243; sticky_enabled=\u00bb0&#8243;]<\/p>\n<p><!-- divi:image {\"align\":\"right\",\"id\":4356,\"width\":256,\"height\":227,\"sizeSlug\":\"large\",\"linkDestination\":\"none\"} --><\/p>\n<div class=\"wp-block-image\">\n<figure class=\"alignright size-large is-resized\"><img loading=\"lazy\" decoding=\"async\" class=\"wp-image-4356\" src=\"https:\/\/www.fiac.cat\/wp-content\/uploads\/2021\/02\/post-it-beques-OK-1024x906.jpg\" alt=\"\" width=\"256\" height=\"227\" \/><\/figure>\n<\/div>\n<p><!-- \/divi:image --><\/p>\n<p>En FIAC, velamos por nuestros alumnos y somos conscientes de las dificultades por las que pasan algunas familias que est\u00e1n en situaci\u00f3n de paro, en ERTE o ERE y tambi\u00e9n aut\u00f3nomos. Queremos ayudarles lo m\u00e1ximo posible dentro de nuestras posibilidades y es por este motivo que volveremos a ofrecer 20 becas adicionales de un 30% de descuento desde ahora y hasta final de curso, y as\u00ed ayudar a que 20 familias puedan seguir con la formaci\u00f3n en idiomas.<\/p>\n<p><!-- \/divi:paragraph --><\/p>\n<p>Con estas nuevas becas y con las que otorgamos a principio de curso, daremos la oportunidad a que 40 familias puedan aligerar la presi\u00f3n econ\u00f3mica del curso. En este enlace est\u00e1n las bases para poder optar: <a href=\"https:\/\/bit.ly\/BequesFIAC2021\" rel=\"nofollow noopener\" target=\"_blank\">https:\/\/bit.ly\/BequesFIAC2021<\/a>\u00a0<\/p>\n<p><!-- \/divi:paragraph --><\/p>\n<p>Dado que entendemos que la inquietud principal de nuestros alumnos es tener un aprendizaje de calidad y la virtualidad supone un sobreesfuerzo para algunos de ellos, ofreceremos sesiones gratuitas para todo el mundo con tal de que puedan repasar aquello que necesiten tanto a nivel oral, como de refuerzo, como de gram\u00e1tica.<\/p>\n<p><!-- \/divi:paragraph --><\/p>\n<p>\u00a1Esperamos que esta situaci\u00f3n mejore pronto!<\/p>\n<p><!-- \/divi:paragraph --><\/p>\n<p>[\/et_pb_text][\/et_pb_column][\/et_pb_row][\/et_pb_section]<\/p>\n","protected":false},"excerpt":{"rendered":"<p>En FIAC, velamos por nuestros alumnos y somos conscientes de las dificultades por las que pasan algunas familias que est\u00e1n en situaci\u00f3n de paro, en ERTE o ERE y tambi\u00e9n aut\u00f3nomos. Queremos ayudarles lo m\u00e1ximo posible dentro de nuestras posibilidades y es por este motivo que volveremos a ofrecer 20 becas adicionales de un 30% [&hellip;]<\/p>\n","protected":false},"author":2,"featured_media":4358,"comment_status":"open","ping_status":"open","sticky":false,"template":"","format":"standard","meta":{"_et_pb_use_builder":"on","_et_pb_old_content":"","_et_gb_content_width":"","footnotes":""},"categories":[30],"tags":[],"class_list":["post-5061","post","type-post","status-publish","format-standard","has-post-thumbnail","hentry","category-noticias-fiac"],"_links":{"self":[{"href":"https:\/\/www.fiac.cat\/es\/wp-json\/wp\/v2\/posts\/5061","targetHints":{"allow":["GET"]}}],"collection":[{"href":"https:\/\/www.fiac.cat\/es\/wp-json\/wp\/v2\/posts"}],"about":[{"href":"https:\/\/www.fiac.cat\/es\/wp-json\/wp\/v2\/types\/post"}],"author":[{"embeddable":true,"href":"https:\/\/www.fiac.cat\/es\/wp-json\/wp\/v2\/users\/2"}],"replies":[{"embeddable":true,"href":"https:\/\/www.fiac.cat\/es\/wp-json\/wp\/v2\/comments?post=5061"}],"version-history":[{"count":3,"href":"https:\/\/www.fiac.cat\/es\/wp-json\/wp\/v2\/posts\/5061\/revisions"}],"predecessor-version":[{"id":5065,"href":"https:\/\/www.fiac.cat\/es\/wp-json\/wp\/v2\/posts\/5061\/revisions\/5065"}],"wp:featuredmedia":[{"embeddable":true,"href":"https:\/\/www.fiac.cat\/es\/wp-json\/wp\/v2\/media\/4358"}],"wp:attachment":[{"href":"https:\/\/www.fiac.cat\/es\/wp-json\/wp\/v2\/media?parent=5061"}],"wp:term":[{"taxonomy":"category","embeddable":true,"href":"https:\/\/www.fiac.cat\/es\/wp-json\/wp\/v2\/categories?post=5061"},{"taxonomy":"post_tag","embeddable":true,"href":"https:\/\/www.fiac.cat\/es\/wp-json\/wp\/v2\/tags?post=5061"}],"curies":[{"name":"wp","href":"https:\/\/api.w.org\/{rel}","templated":true}]}}